{"id":47627,"date":"2023-06-05T11:37:45","date_gmt":"2023-06-05T11:37:45","guid":{"rendered":"https:\/\/www.akeneo.com\/blog\/commerce-composable-entreprise-francaise\/"},"modified":"2025-07-31T10:51:17","modified_gmt":"2025-07-31T10:51:17","slug":"commerce-composable-entreprise-francaise","status":"publish","type":"post","link":"https:\/\/www.akeneo.com\/fr\/blog\/commerce-composable-entreprise-francaise\/","title":{"rendered":"Quelle est l\u2019adoption du commerce composable par les entreprises fran\u00e7aise ?"},"content":{"rendered":"       \n  \n<section id=\"hero-block_3fa599ffa31a98285f16ad2969baa3da\" class=\"hero  py-0\">\n            <div class=\"container\">\n            <div class=\"row\">\n                <div class=\"col-12\">\n                    <div class=\"hero-inner hero-inner-blue\">\n                        <div class=\"row align-items-center g-3\">\n                            <div class=\"col-lg-6\">\n                                <div class=\"hero-content\">\n                                                                            <div class=\"hero-tags\">\n                                            <span class=\"tag tag-white\">Composable Commerce<\/span>\n                                        <\/div>\n                                                                        <h1 class=\"hero-title\">Quelle est l\u2019adoption du commerce composable par les entreprises fran\u00e7aise ?<\/h1>\n                                    <div class=\"hero-text\">\n\n                                        <p>Le commerce composable : personnalisation, modularit\u00e9 et \u00e9volutivit\u00e9 pour une exp\u00e9rience d&rsquo;achat unique. D\u00e9couvrez comment les entreprises s&rsquo;adaptent aux \u00e9volutions des besoins de leurs consommateurs en s&rsquo;\u00e9quipant des meilleures solutions technologiques.<\/p>\n                                    <\/div>\n                                <\/div>\n                            <\/div>\n                                                            <div class=\"col-lg-6\">\n                                    <div class=\"hero-image\">\n                                        <img decoding=\"async\" src=\"https:\/\/www.akeneo.com\/wp-content\/uploads\/2023\/06\/AdobeStock_61351212-scaled.jpeg\" class=\"attachment-full size-full wp-post-image\" alt=\"\" \/>                                    <\/div>\n                                                                <\/div>\n                        <\/div>\n                    <\/div>\n                <\/div>\n            <\/div>\n        <\/div>\n    <\/section>\n  \n        <div class=\"mb-2\"><div class=\"press-copy\"><span style=\"font-weight: 400;\">Le commerce composable est une approche de plus en plus adopt\u00e9e par les entreprises pour r\u00e9pondre aux exigences croissantes des consommateurs en mati\u00e8re d&rsquo;exp\u00e9rience d&rsquo;achat personnalis\u00e9e. Cette approche consiste \u00e0 construire des solutions de commerce modulaires et \u00e9volutives, qui peuvent \u00eatre adapt\u00e9es aux besoins de l&rsquo;entreprise et du march\u00e9 en temps r\u00e9el. Les solutions de commerce composable sont bas\u00e9es sur un ensemble de technologies interop\u00e9rables, telles que les microservices, les API, le cloud et les architectures sans serveur, qui permettent de construire des applications web agiles et \u00e9volutives. Les entreprises qui adoptent l&rsquo;approche de commerce composable b\u00e9n\u00e9ficient d&rsquo;une plus grande flexibilit\u00e9, d&rsquo;une r\u00e9duction des co\u00fbts et d&rsquo;une am\u00e9lioration de l&rsquo;exp\u00e9rience d&rsquo;achat pour les consommateurs.<\/span>\r\n\r\n<span style=\"font-weight: 400;\">La MACH Alliance est une communaut\u00e9 de fournisseurs de technologies qui partagent une vision commune de l&rsquo;avenir du commerce composable. L&rsquo;alliance a pour mission de promouvoir l&rsquo;adoption de l&rsquo;approche MACH et de ses technologies par les entreprises du monde entier. En rejoignant l&rsquo;alliance, les membres b\u00e9n\u00e9ficient d&rsquo;une plus grande visibilit\u00e9 et de la reconnaissance de la communaut\u00e9, ainsi que de la possibilit\u00e9 de collaborer avec d&rsquo;autres membres pour d\u00e9velopper de nouvelles solutions de commerce composable.<\/span>\r\n\r\n<span style=\"font-weight: 400;\">Le rapport \u00ab\u00a0State of MACH\u00a0\u00bb publi\u00e9 par Akeneo, KBRW et Valtech en avril 2023 dresse un \u00e9tat des lieux de l&rsquo;architecture MACH et de son adoption par les entreprises en France.<\/span>\r\n\r\n<span style=\"font-weight: 400;\">Tout d&rsquo;abord, le rapport d\u00e9finit l&rsquo;architecture MACH comme une approche qui privil\u00e9gie les technologies modernes et flexibles pour construire des applications web. MACH repose sur un ensemble de technologies ouvertes et interop\u00e9rables, \u00e0 savoir les microservices, les API, le cloud (SaaS-native) et les architectures Headless. Ces technologies permettent de construire des applications modulaires et \u00e9volutives, capables de s&rsquo;adapter aux besoins de l&rsquo;entreprise et aux changements du march\u00e9.<\/span>\r\n\r\n<span style=\"font-weight: 400;\">Le rapport constate que l&rsquo;adoption de MACH par les entreprises est en croissance constante : 35% des entreprises ont adopt\u00e9 l&rsquo;architecture MACH, tandis que 45% sont en train de l&rsquo;adopter ou pr\u00e9voient de le faire dans les deux prochaines ann\u00e9es. Et cela est encore plus marqu\u00e9 dans le secteur du retail o\u00f9 61% des entreprises du secteur de la vente au d\u00e9tail ont d\u00e9j\u00e0 adopt\u00e9 MACH ou pr\u00e9voient de le faire dans les deux prochaines ann\u00e9es. Les entreprises adoptent l\u2019architecture MACH pour r\u00e9pondre aux exigences croissantes des consommateurs en mati\u00e8re d&rsquo;exp\u00e9rience utilisateur, de personnalisation et de commodit\u00e9. Les entreprises qui ont adopt\u00e9 MACH constatent une r\u00e9duction des co\u00fbts et une augmentation de la productivit\u00e9.<\/span>\r\n\r\n<span style=\"font-weight: 400;\">Cependant, le rapport souligne \u00e9galement que l&rsquo;adoption de l\u2019architecture MACH peut poser des d\u00e9fis aux entreprises, notamment en termes de gestion de la complexit\u00e9 et de la s\u00e9curit\u00e9. Les entreprises doivent \u00eatre en mesure de g\u00e9rer un \u00e9cosyst\u00e8me de microservices, de garantir la s\u00e9curit\u00e9 de l&rsquo;ensemble du syst\u00e8me et de former leur personnel aux technologies certifi\u00e9es MACH.<\/span>\r\n\r\n<span style=\"font-weight: 400;\">Enfin, le rapport conclut en soulignant que les entreprises doivent adopter MACH pour rester comp\u00e9titives sur le march\u00e9 et r\u00e9pondre aux besoins des consommateurs. Les entreprises doivent \u00e9galement \u00eatre pr\u00eates \u00e0 relever les d\u00e9fis que pose l&rsquo;adoption de cette architecture, en mettant en place les bonnes strat\u00e9gies et en s&rsquo;appuyant sur des partenaires exp\u00e9riment\u00e9s pour r\u00e9ussir leur transition.<\/span>\r\n\r\n&nbsp;\r\n\r\n<a href=\"https:\/\/www.akeneo.com\/fr\/white-paper\/rapport-sur-le-commerce-composable-en-france\/\"><span style=\"font-weight: 400;\">T\u00e9l\u00e9charger le rapport complet ici<\/span><\/a><\/div><\/div>  ","protected":false},"excerpt":{"rendered":"<p>Le commerce composable : personnalisation, modularit\u00e9 et \u00e9volutivit\u00e9 pour une exp\u00e9rience d&rsquo;achat unique. D\u00e9couvrez comment les entreprises s&rsquo;adaptent aux \u00e9volutions des besoins de leurs consommateurs en s&rsquo;\u00e9quipant des meilleures solutions technologiques.<\/p>\n","protected":false},"author":1,"featured_media":37132,"comment_status":"open","ping_status":"open","sticky":false,"template":"","format":"standard","meta":{"_acf_changed":false,"footnotes":""},"categories":[1563],"tags":[],"class_list":["post-47627","post","type-post","status-publish","format-standard","has-post-thumbnail","hentry"],"acf":[],"yoast_head":"<!-- This site is optimized with the Yoast SEO Premium plugin v27.4 (Yoast SEO v27.4) - https:\/\/yoast.com\/product\/yoast-seo-premium-wordpress\/ -->\n<title>Quelle est l\u2019adoption du commerce composable par les entreprises fran\u00e7aise ? | Akeneo<\/title>\n<meta name=\"description\" content=\"Personnalisation, modularit\u00e9 et \u00e9volutivit\u00e9 pour une exp\u00e9rience d&#039;achat unique. D\u00e9couvrez pourquoi le commerce composable est un must-have.\" \/>\n<meta name=\"robots\" content=\"index, follow, max-snippet:-1, max-image-preview:large, max-video-preview:-1\" \/>\n<link rel=\"canonical\" href=\"https:\/\/www.akeneo.com\/fr\/blog\/commerce-composable-entreprise-francaise\/\" \/>\n<meta property=\"og:locale\" content=\"fr_FR\" \/>\n<meta property=\"og:type\" content=\"article\" \/>\n<meta property=\"og:title\" content=\"Quelle est l\u2019adoption du commerce composable par les entreprises fran\u00e7aise ? | Akeneo\" \/>\n<meta property=\"og:description\" content=\"Personnalisation, modularit\u00e9 et \u00e9volutivit\u00e9 pour une exp\u00e9rience d&#039;achat unique. D\u00e9couvrez pourquoi le commerce composable est un must-have.\" \/>\n<meta property=\"og:url\" content=\"https:\/\/www.akeneo.com\/fr\/blog\/commerce-composable-entreprise-francaise\/\" \/>\n<meta property=\"og:site_name\" content=\"Akeneo\" \/>\n<meta property=\"article:published_time\" content=\"2023-06-05T11:37:45+00:00\" \/>\n<meta property=\"article:modified_time\" content=\"2025-07-31T10:51:17+00:00\" \/>\n<meta property=\"og:image\" content=\"https:\/\/www.akeneo.com\/wp-content\/uploads\/2023\/06\/AdobeStock_61351212-scaled.jpeg\" \/>\n\t<meta property=\"og:image:width\" content=\"1\" \/>\n\t<meta property=\"og:image:height\" content=\"1\" \/>\n\t<meta property=\"og:image:type\" content=\"image\/jpeg\" \/>\n<meta name=\"author\" content=\"akeneo2024\" \/>\n<meta name=\"twitter:card\" content=\"summary_large_image\" \/>\n<meta name=\"twitter:label1\" content=\"\u00c9crit par\" \/>\n\t<meta name=\"twitter:data1\" content=\"akeneo2024\" \/>\n\t<meta name=\"twitter:label2\" content=\"Dur\u00e9e de lecture estim\u00e9e\" \/>\n\t<meta name=\"twitter:data2\" content=\"3 minutes\" \/>\n<script type=\"application\/ld+json\" class=\"yoast-schema-graph\">{\"@context\":\"https:\\\/\\\/schema.org\",\"@graph\":[{\"@type\":\"Article\",\"@id\":\"https:\\\/\\\/www.akeneo.com\\\/fr\\\/blog\\\/commerce-composable-entreprise-francaise\\\/#article\",\"isPartOf\":{\"@id\":\"https:\\\/\\\/www.akeneo.com\\\/fr\\\/blog\\\/commerce-composable-entreprise-francaise\\\/\"},\"author\":{\"name\":\"akeneo2024\",\"@id\":\"https:\\\/\\\/www.akeneo.com\\\/fr\\\/#\\\/schema\\\/person\\\/29183442bc633c056ca77b63566a7117\"},\"headline\":\"Quelle est l\u2019adoption du commerce composable par les entreprises fran\u00e7aise ?\",\"datePublished\":\"2023-06-05T11:37:45+00:00\",\"dateModified\":\"2025-07-31T10:51:17+00:00\",\"mainEntityOfPage\":{\"@id\":\"https:\\\/\\\/www.akeneo.com\\\/fr\\\/blog\\\/commerce-composable-entreprise-francaise\\\/\"},\"wordCount\":606,\"commentCount\":0,\"publisher\":{\"@id\":\"https:\\\/\\\/www.akeneo.com\\\/fr\\\/#organization\"},\"image\":{\"@id\":\"https:\\\/\\\/www.akeneo.com\\\/fr\\\/blog\\\/commerce-composable-entreprise-francaise\\\/#primaryimage\"},\"thumbnailUrl\":\"https:\\\/\\\/www.akeneo.com\\\/wp-content\\\/uploads\\\/2023\\\/06\\\/AdobeStock_61351212-scaled.jpeg\",\"articleSection\":[\"Composable Commerce\"],\"inLanguage\":\"fr-FR\",\"potentialAction\":[{\"@type\":\"CommentAction\",\"name\":\"Comment\",\"target\":[\"https:\\\/\\\/www.akeneo.com\\\/fr\\\/blog\\\/commerce-composable-entreprise-francaise\\\/#respond\"]}]},{\"@type\":\"WebPage\",\"@id\":\"https:\\\/\\\/www.akeneo.com\\\/fr\\\/blog\\\/commerce-composable-entreprise-francaise\\\/\",\"url\":\"https:\\\/\\\/www.akeneo.com\\\/fr\\\/blog\\\/commerce-composable-entreprise-francaise\\\/\",\"name\":\"Quelle est l\u2019adoption du commerce composable par les entreprises fran\u00e7aise ? | Akeneo\",\"isPartOf\":{\"@id\":\"https:\\\/\\\/www.akeneo.com\\\/fr\\\/#website\"},\"primaryImageOfPage\":{\"@id\":\"https:\\\/\\\/www.akeneo.com\\\/fr\\\/blog\\\/commerce-composable-entreprise-francaise\\\/#primaryimage\"},\"image\":{\"@id\":\"https:\\\/\\\/www.akeneo.com\\\/fr\\\/blog\\\/commerce-composable-entreprise-francaise\\\/#primaryimage\"},\"thumbnailUrl\":\"https:\\\/\\\/www.akeneo.com\\\/wp-content\\\/uploads\\\/2023\\\/06\\\/AdobeStock_61351212-scaled.jpeg\",\"datePublished\":\"2023-06-05T11:37:45+00:00\",\"dateModified\":\"2025-07-31T10:51:17+00:00\",\"description\":\"Personnalisation, modularit\u00e9 et \u00e9volutivit\u00e9 pour une exp\u00e9rience d\\\\'achat unique. D\u00e9couvrez pourquoi le commerce composable est un must-have.\",\"inLanguage\":\"fr-FR\",\"potentialAction\":[{\"@type\":\"ReadAction\",\"target\":[\"https:\\\/\\\/www.akeneo.com\\\/fr\\\/blog\\\/commerce-composable-entreprise-francaise\\\/\"]}]},{\"@type\":\"ImageObject\",\"inLanguage\":\"fr-FR\",\"@id\":\"https:\\\/\\\/www.akeneo.com\\\/fr\\\/blog\\\/commerce-composable-entreprise-francaise\\\/#primaryimage\",\"url\":\"https:\\\/\\\/www.akeneo.com\\\/wp-content\\\/uploads\\\/2023\\\/06\\\/AdobeStock_61351212-scaled.jpeg\",\"contentUrl\":\"https:\\\/\\\/www.akeneo.com\\\/wp-content\\\/uploads\\\/2023\\\/06\\\/AdobeStock_61351212-scaled.jpeg\"},{\"@type\":\"WebSite\",\"@id\":\"https:\\\/\\\/www.akeneo.com\\\/fr\\\/#website\",\"url\":\"https:\\\/\\\/www.akeneo.com\\\/fr\\\/\",\"name\":\"Akeneo\",\"description\":\"\",\"publisher\":{\"@id\":\"https:\\\/\\\/www.akeneo.com\\\/fr\\\/#organization\"},\"potentialAction\":[{\"@type\":\"SearchAction\",\"target\":{\"@type\":\"EntryPoint\",\"urlTemplate\":\"https:\\\/\\\/www.akeneo.com\\\/fr\\\/?s={search_term_string}\"},\"query-input\":{\"@type\":\"PropertyValueSpecification\",\"valueRequired\":true,\"valueName\":\"search_term_string\"}}],\"inLanguage\":\"fr-FR\"},{\"@type\":\"Organization\",\"@id\":\"https:\\\/\\\/www.akeneo.com\\\/fr\\\/#organization\",\"name\":\"Akeneo\",\"url\":\"https:\\\/\\\/www.akeneo.com\\\/fr\\\/\",\"logo\":{\"@type\":\"ImageObject\",\"inLanguage\":\"fr-FR\",\"@id\":\"https:\\\/\\\/www.akeneo.com\\\/fr\\\/#\\\/schema\\\/logo\\\/image\\\/\",\"url\":\"https:\\\/\\\/www.akeneo.com\\\/wp-content\\\/uploads\\\/2019\\\/08\\\/logo-kjus.png\",\"contentUrl\":\"https:\\\/\\\/www.akeneo.com\\\/wp-content\\\/uploads\\\/2019\\\/08\\\/logo-kjus.png\",\"width\":1,\"height\":1,\"caption\":\"Akeneo\"},\"image\":{\"@id\":\"https:\\\/\\\/www.akeneo.com\\\/fr\\\/#\\\/schema\\\/logo\\\/image\\\/\"}},{\"@type\":\"Person\",\"@id\":\"https:\\\/\\\/www.akeneo.com\\\/fr\\\/#\\\/schema\\\/person\\\/29183442bc633c056ca77b63566a7117\",\"name\":\"akeneo2024\",\"image\":{\"@type\":\"ImageObject\",\"inLanguage\":\"fr-FR\",\"@id\":\"https:\\\/\\\/secure.gravatar.com\\\/avatar\\\/5539ed62a0ffd41eeeb53103ee746c9f6b114c8d442eb63c39bcfe455a6e18ee?s=96&d=mm&r=g\",\"url\":\"https:\\\/\\\/secure.gravatar.com\\\/avatar\\\/5539ed62a0ffd41eeeb53103ee746c9f6b114c8d442eb63c39bcfe455a6e18ee?s=96&d=mm&r=g\",\"contentUrl\":\"https:\\\/\\\/secure.gravatar.com\\\/avatar\\\/5539ed62a0ffd41eeeb53103ee746c9f6b114c8d442eb63c39bcfe455a6e18ee?s=96&d=mm&r=g\",\"caption\":\"akeneo2024\"},\"sameAs\":[\"https:\\\/\\\/www.akeneo.com\"]}]}<\/script>\n<!-- \/ Yoast SEO Premium plugin. -->","yoast_head_json":{"title":"Quelle est l\u2019adoption du commerce composable par les entreprises fran\u00e7aise ? | Akeneo","description":"Personnalisation, modularit\u00e9 et \u00e9volutivit\u00e9 pour une exp\u00e9rience d'achat unique. D\u00e9couvrez pourquoi le commerce composable est un must-have.","robots":{"index":"index","follow":"follow","max-snippet":"max-snippet:-1","max-image-preview":"max-image-preview:large","max-video-preview":"max-video-preview:-1"},"canonical":"https:\/\/www.akeneo.com\/fr\/blog\/commerce-composable-entreprise-francaise\/","og_locale":"fr_FR","og_type":"article","og_title":"Quelle est l\u2019adoption du commerce composable par les entreprises fran\u00e7aise ? | Akeneo","og_description":"Personnalisation, modularit\u00e9 et \u00e9volutivit\u00e9 pour une exp\u00e9rience d'achat unique. D\u00e9couvrez pourquoi le commerce composable est un must-have.","og_url":"https:\/\/www.akeneo.com\/fr\/blog\/commerce-composable-entreprise-francaise\/","og_site_name":"Akeneo","article_published_time":"2023-06-05T11:37:45+00:00","article_modified_time":"2025-07-31T10:51:17+00:00","og_image":[{"url":"https:\/\/www.akeneo.com\/wp-content\/uploads\/2023\/06\/AdobeStock_61351212-scaled.jpeg","width":1,"height":1,"type":"image\/jpeg"}],"author":"akeneo2024","twitter_card":"summary_large_image","twitter_misc":{"\u00c9crit par":"akeneo2024","Dur\u00e9e de lecture estim\u00e9e":"3 minutes"},"schema":{"@context":"https:\/\/schema.org","@graph":[{"@type":"Article","@id":"https:\/\/www.akeneo.com\/fr\/blog\/commerce-composable-entreprise-francaise\/#article","isPartOf":{"@id":"https:\/\/www.akeneo.com\/fr\/blog\/commerce-composable-entreprise-francaise\/"},"author":{"name":"akeneo2024","@id":"https:\/\/www.akeneo.com\/fr\/#\/schema\/person\/29183442bc633c056ca77b63566a7117"},"headline":"Quelle est l\u2019adoption du commerce composable par les entreprises fran\u00e7aise ?","datePublished":"2023-06-05T11:37:45+00:00","dateModified":"2025-07-31T10:51:17+00:00","mainEntityOfPage":{"@id":"https:\/\/www.akeneo.com\/fr\/blog\/commerce-composable-entreprise-francaise\/"},"wordCount":606,"commentCount":0,"publisher":{"@id":"https:\/\/www.akeneo.com\/fr\/#organization"},"image":{"@id":"https:\/\/www.akeneo.com\/fr\/blog\/commerce-composable-entreprise-francaise\/#primaryimage"},"thumbnailUrl":"https:\/\/www.akeneo.com\/wp-content\/uploads\/2023\/06\/AdobeStock_61351212-scaled.jpeg","articleSection":["Composable Commerce"],"inLanguage":"fr-FR","potentialAction":[{"@type":"CommentAction","name":"Comment","target":["https:\/\/www.akeneo.com\/fr\/blog\/commerce-composable-entreprise-francaise\/#respond"]}]},{"@type":"WebPage","@id":"https:\/\/www.akeneo.com\/fr\/blog\/commerce-composable-entreprise-francaise\/","url":"https:\/\/www.akeneo.com\/fr\/blog\/commerce-composable-entreprise-francaise\/","name":"Quelle est l\u2019adoption du commerce composable par les entreprises fran\u00e7aise ? | Akeneo","isPartOf":{"@id":"https:\/\/www.akeneo.com\/fr\/#website"},"primaryImageOfPage":{"@id":"https:\/\/www.akeneo.com\/fr\/blog\/commerce-composable-entreprise-francaise\/#primaryimage"},"image":{"@id":"https:\/\/www.akeneo.com\/fr\/blog\/commerce-composable-entreprise-francaise\/#primaryimage"},"thumbnailUrl":"https:\/\/www.akeneo.com\/wp-content\/uploads\/2023\/06\/AdobeStock_61351212-scaled.jpeg","datePublished":"2023-06-05T11:37:45+00:00","dateModified":"2025-07-31T10:51:17+00:00","description":"Personnalisation, modularit\u00e9 et \u00e9volutivit\u00e9 pour une exp\u00e9rience d\\'achat unique. D\u00e9couvrez pourquoi le commerce composable est un must-have.","inLanguage":"fr-FR","potentialAction":[{"@type":"ReadAction","target":["https:\/\/www.akeneo.com\/fr\/blog\/commerce-composable-entreprise-francaise\/"]}]},{"@type":"ImageObject","inLanguage":"fr-FR","@id":"https:\/\/www.akeneo.com\/fr\/blog\/commerce-composable-entreprise-francaise\/#primaryimage","url":"https:\/\/www.akeneo.com\/wp-content\/uploads\/2023\/06\/AdobeStock_61351212-scaled.jpeg","contentUrl":"https:\/\/www.akeneo.com\/wp-content\/uploads\/2023\/06\/AdobeStock_61351212-scaled.jpeg"},{"@type":"WebSite","@id":"https:\/\/www.akeneo.com\/fr\/#website","url":"https:\/\/www.akeneo.com\/fr\/","name":"Akeneo","description":"","publisher":{"@id":"https:\/\/www.akeneo.com\/fr\/#organization"},"potentialAction":[{"@type":"SearchAction","target":{"@type":"EntryPoint","urlTemplate":"https:\/\/www.akeneo.com\/fr\/?s={search_term_string}"},"query-input":{"@type":"PropertyValueSpecification","valueRequired":true,"valueName":"search_term_string"}}],"inLanguage":"fr-FR"},{"@type":"Organization","@id":"https:\/\/www.akeneo.com\/fr\/#organization","name":"Akeneo","url":"https:\/\/www.akeneo.com\/fr\/","logo":{"@type":"ImageObject","inLanguage":"fr-FR","@id":"https:\/\/www.akeneo.com\/fr\/#\/schema\/logo\/image\/","url":"https:\/\/www.akeneo.com\/wp-content\/uploads\/2019\/08\/logo-kjus.png","contentUrl":"https:\/\/www.akeneo.com\/wp-content\/uploads\/2019\/08\/logo-kjus.png","width":1,"height":1,"caption":"Akeneo"},"image":{"@id":"https:\/\/www.akeneo.com\/fr\/#\/schema\/logo\/image\/"}},{"@type":"Person","@id":"https:\/\/www.akeneo.com\/fr\/#\/schema\/person\/29183442bc633c056ca77b63566a7117","name":"akeneo2024","image":{"@type":"ImageObject","inLanguage":"fr-FR","@id":"https:\/\/secure.gravatar.com\/avatar\/5539ed62a0ffd41eeeb53103ee746c9f6b114c8d442eb63c39bcfe455a6e18ee?s=96&d=mm&r=g","url":"https:\/\/secure.gravatar.com\/avatar\/5539ed62a0ffd41eeeb53103ee746c9f6b114c8d442eb63c39bcfe455a6e18ee?s=96&d=mm&r=g","contentUrl":"https:\/\/secure.gravatar.com\/avatar\/5539ed62a0ffd41eeeb53103ee746c9f6b114c8d442eb63c39bcfe455a6e18ee?s=96&d=mm&r=g","caption":"akeneo2024"},"sameAs":["https:\/\/www.akeneo.com"]}]}},"_links":{"self":[{"href":"https:\/\/www.akeneo.com\/fr\/wp-json\/wp\/v2\/posts\/47627","targetHints":{"allow":["GET"]}}],"collection":[{"href":"https:\/\/www.akeneo.com\/fr\/wp-json\/wp\/v2\/posts"}],"about":[{"href":"https:\/\/www.akeneo.com\/fr\/wp-json\/wp\/v2\/types\/post"}],"author":[{"embeddable":true,"href":"https:\/\/www.akeneo.com\/fr\/wp-json\/wp\/v2\/users\/1"}],"replies":[{"embeddable":true,"href":"https:\/\/www.akeneo.com\/fr\/wp-json\/wp\/v2\/comments?post=47627"}],"version-history":[{"count":0,"href":"https:\/\/www.akeneo.com\/fr\/wp-json\/wp\/v2\/posts\/47627\/revisions"}],"wp:featuredmedia":[{"embeddable":true,"href":"https:\/\/www.akeneo.com\/fr\/wp-json\/wp\/v2\/media\/37132"}],"wp:attachment":[{"href":"https:\/\/www.akeneo.com\/fr\/wp-json\/wp\/v2\/media?parent=47627"}],"wp:term":[{"taxonomy":"category","embeddable":true,"href":"https:\/\/www.akeneo.com\/fr\/wp-json\/wp\/v2\/categories?post=47627"},{"taxonomy":"post_tag","embeddable":true,"href":"https:\/\/www.akeneo.com\/fr\/wp-json\/wp\/v2\/tags?post=47627"}],"curies":[{"name":"wp","href":"https:\/\/api.w.org\/{rel}","templated":true}]}}