{"id":47091,"date":"2022-05-10T16:06:56","date_gmt":"2022-05-10T16:06:56","guid":{"rendered":"https:\/\/www.akeneo.com\/blog\/annonce-akeneo-iso-27001-certification\/"},"modified":"2025-07-31T10:55:50","modified_gmt":"2025-07-31T10:55:50","slug":"annonce-akeneo-iso-27001-certification","status":"publish","type":"post","link":"https:\/\/www.akeneo.com\/fr\/blog\/annonce-akeneo-iso-27001-certification\/","title":{"rendered":"Annonce de la certification ISO 27001 d\u2019Akeneo"},"content":{"rendered":"       \n  \n<section id=\"hero-block_e99640391df386e565825ab08a0d6521\" class=\"hero  py-0\">\n            <div class=\"container\">\n            <div class=\"row\">\n                <div class=\"col-12\">\n                    <div class=\"hero-inner hero-inner-blue\">\n                        <div class=\"row align-items-center g-3\">\n                            <div class=\"col-lg-6\">\n                                <div class=\"hero-content\">\n                                                                            <div class=\"hero-tags\">\n                                            <span class=\"tag tag-white\">Akeneo News<\/span>\n                                        <\/div>\n                                                                        <h1 class=\"hero-title\">Annonce de la certification ISO 27001 d\u2019Akeneo<\/h1>\n                                    <div class=\"hero-text\">\n\n                                        <p>Chez Akeneo, nous prenons tr\u00e8s au s\u00e9rieux la s\u00e9curit\u00e9 de vos donn\u00e9es. A tel point que nous sommes fiers de vous annoncer que nous avons re\u00e7u notre certification ISO 27001.\u00a0<\/p>\n                                    <\/div>\n                                <\/div>\n                            <\/div>\n                                                            <div class=\"col-lg-6\">\n                                    <div class=\"hero-image\">\n                                        <img decoding=\"async\" src=\"https:\/\/www.akeneo.com\/wp-content\/uploads\/2022\/05\/AdobeStock_435058821_1024.jpg\" class=\"attachment-full size-full wp-post-image\" alt=\"\" \/>                                    <\/div>\n                                                                <\/div>\n                        <\/div>\n                    <\/div>\n                <\/div>\n            <\/div>\n        <\/div>\n    <\/section>\n  \n        <div class=\"mb-2\"><div class=\"press-copy\"><span style=\"font-weight: 400;\">Richard Clarke, expert am\u00e9ricain en s\u00e9curit\u00e9 nationale et ancien fonctionnaire du gouvernement, a dit \u201cSi vous d\u00e9pensez plus dans le caf\u00e9 plut\u00f4t que dans la s\u00e9curit\u00e9 des technologies de l\u2019information (IT), vous serez pirat\u00e9s.\u201d Chez Akeneo, nous adorons notre caf\u00e9, et Ziggy reconna\u00eet une bonne tasse de caf\u00e9 quand elle en voit une. Mais notre engagement sur l\u2019am\u00e9lioration continue de la fa\u00e7on dont nous g\u00e9rons la s\u00e9curit\u00e9 des donn\u00e9es de nos clients et partenaires, est infiniment plus important qu\u2019un caf\u00e9. Et c\u2019est cet engagement \u00e0 la mise en \u0153uvre de la s\u00e9curit\u00e9 et la r\u00e9duction de risques qui a \u00e9t\u00e9 valid\u00e9 avec l\u2019obtention du certificat ISO 27001. C\u2019est un niveau de certification que nous sommes fiers d\u2019avoir atteint et de partager avec notre communaut\u00e9.<\/span>\r\n\r\n<span style=\"font-weight: 400;\">Vous vous demandez peut-\u00eatre ce qu\u2019est plus pr\u00e9cis\u00e9ment le certificat ISO 27001, et vous n\u2019\u00eates pas les seuls. En bref, ISO 27001 est un syst\u00e8me de gestion couvrant les processus, les personnes, et les outils afin de prot\u00e9ger la confidentialit\u00e9, l&rsquo;int\u00e9grit\u00e9 et la disponibilit\u00e9 des informations que les entreprises g\u00e8rent de mani\u00e8re syst\u00e9matique. Cette certification fournit non seulement le savoir-faire, mais permet \u00e9galement \u00e0 une entreprise de d\u00e9montrer \u00e0 ses clients, partenaires et employ\u00e9s qu&rsquo;elle prot\u00e8ge leurs donn\u00e9es. En tant que norme de s\u00e9curit\u00e9 internationale, elle est reconnue dans le monde entier, dans tous les secteurs et dans toutes les tailles d&rsquo;entreprise.<\/span><\/div><\/div>  \n  \n<section class=\"py-6 py-md-6\">\n    <div class=\"container\">\n        <div class=\"row\">\n            <div class=\"col-12\">\n                <div class=\"testimonial-card testimonial-card-has-quotes\">\n                                            <blockquote class=\"testimonial-card-quote\">\n                            <p>Nous avons toujours consid\u00e9r\u00e9 la protection et la gestion des donn\u00e9es de nos clients et partenaires comme une priorit\u00e9 absolue. Nous sommes fiers davoir re\u00e7u la certification ISO 27001, et nous nous engageons \u00e0 continuellement am\u00e9liorer la s\u00e9curit\u00e9 des donn\u00e9es de nos clients afin quils puissent travailler avec Akeneo en toute confiance pour acc\u00e9l\u00e9rer leurs initiatives de croissance.<\/p>\n                        <\/blockquote>\n                                        <div class=\"author\">\n                                                                            <div class=\"author-info\">\n                                                                    <p>\n                                                                                    <strong>Benoit Jacquemont<\/strong>\n                                                                                                                            CTO et Co-Foundateur                                                                            <\/p>\n                                                                                                    <strong>Akeneo<\/strong>\n                                                            <\/div>\n                                            <\/div>\n                <\/div>\n            <\/div>\n        <\/div>\n    <\/div>\n<\/section>\n<div class=\"mb-2\"><div class=\"press-copy\"><span style=\"font-weight: 400;\">La port\u00e9e du syst\u00e8me de gestion de la s\u00e9curit\u00e9 de l\u2019information pour lequel Akeneo est certifi\u00e9, couvre les activit\u00e9s et processus que nous utilisons pour construire, d\u00e9livrer et maintenir les produits qui traitent les donn\u00e9es de nos clients et partenaires, comprenant le PIM, Onboarder,\u00a0 Shared Catalogs, les Connecteurs, et les Applications. Cette derni\u00e8re regroupe \u00e9galement les diff\u00e9rentes \u00e9ditions et mani\u00e8res par lesquelles nous d\u00e9ployons notre logiciel, et toutes les \u00e9quipes Akeneo impliqu\u00e9es \u00e0 travers le monde.<\/span>\r\n\r\n<span style=\"font-weight: 400;\">Pourquoi cela vous concerne-t-il en tant que membre de la communaut\u00e9 Akeneo ? C\u2019est une simple r\u00e9ponse mais avec de nombreuses implications : vous pouvez faire confiance \u00e0 une solution PIM et PXM d\u2019un fournisseur qui utilise les personnes, les processus et les technologies pour prot\u00e9ger vos donn\u00e9es tr\u00e8s scrupuleusement. Un fournisseur qui est pr\u00eat \u00e0 investir et \u00e0 se faire auditer par des tiers ind\u00e9pendants pour \u00eatre certifi\u00e9 dans son approche de la s\u00e9curit\u00e9 de vos donn\u00e9es.<\/span>\r\n\r\n<span style=\"font-weight: 400;\">Donc la prochaine fois que vous commandez ce double caf\u00e9 au lait de soja sans mousse pour f\u00eater l&rsquo;aboutissement de vos objectifs de croissance, vous pouvez le faire en toute confiance en sachant qu\u2019Akeneo s\u2019occupe de vos donn\u00e9es et de la plateforme qui contribue \u00e0 votre succ\u00e8s. <\/span><\/div><\/div>  \n<div id=\"blog-author-block_23149218904bd6b7c9e831dc2a26bf44\" class=\"blog-author\">\n  <div class=\"author mt-2 mt-md-5\">\n                  <div class=\"author-pic\">\n          <img decoding=\"async\" src=\"https:\/\/www.akeneo.com\/wp-content\/uploads\/2022\/02\/photo-ali-hanyaloglu.jpg\" alt=\"\">\n        <\/div>\n                    <div class=\"author-info\">\n                  <p>\n            <strong>Ali Hanyaloglu<\/strong>, Sr. Directeur du Produit Marketing          <\/p>\n                          <strong>Akeneo<\/strong>\n              <\/div>\n      <\/div>\n<\/div>","protected":false},"excerpt":{"rendered":"<p>Chez Akeneo, nous prenons tr\u00e8s au s\u00e9rieux la s\u00e9curit\u00e9 de vos donn\u00e9es. A tel point que nous sommes fiers de vous annoncer que nous avons re\u00e7u notre certification ISO 27001.\u00a0<\/p>\n","protected":false},"author":1,"featured_media":26926,"comment_status":"open","ping_status":"open","sticky":false,"template":"","format":"standard","meta":{"_acf_changed":false,"footnotes":""},"categories":[1561],"tags":[1170],"class_list":["post-47091","post","type-post","status-publish","format-standard","has-post-thumbnail","hentry"],"acf":[],"yoast_head":"<!-- This site is optimized with the Yoast SEO Premium plugin v27.4 (Yoast SEO v27.4) - https:\/\/yoast.com\/product\/yoast-seo-premium-wordpress\/ -->\n<title>Annonce de la certification ISO 27001 d\u2019Akeneo | Page 5 of 18 | Akeneo<\/title>\n<meta name=\"description\" content=\"Akeneo certifi\u00e9 ISO 27001 afin de prot\u00e9ger la confidentialit\u00e9, l&#039;int\u00e9grit\u00e9 et la disponibilit\u00e9 des informations.\" \/>\n<meta name=\"robots\" content=\"index, follow, max-snippet:-1, max-image-preview:large, max-video-preview:-1\" \/>\n<link rel=\"canonical\" href=\"https:\/\/www.akeneo.com\/fr\/blog\/annonce-akeneo-iso-27001-certification\/\" \/>\n<meta property=\"og:locale\" content=\"fr_FR\" \/>\n<meta property=\"og:type\" content=\"article\" \/>\n<meta property=\"og:title\" content=\"Annonce de la certification ISO 27001 d\u2019Akeneo | Page 5 of 18 | Akeneo\" \/>\n<meta property=\"og:description\" content=\"Akeneo certifi\u00e9 ISO 27001 afin de prot\u00e9ger la confidentialit\u00e9, l&#039;int\u00e9grit\u00e9 et la disponibilit\u00e9 des informations.\" \/>\n<meta property=\"og:url\" content=\"https:\/\/www.akeneo.com\/fr\/blog\/annonce-akeneo-iso-27001-certification\/\" \/>\n<meta property=\"og:site_name\" content=\"Akeneo\" \/>\n<meta property=\"article:published_time\" content=\"2022-05-10T16:06:56+00:00\" \/>\n<meta property=\"article:modified_time\" content=\"2025-07-31T10:55:50+00:00\" \/>\n<meta property=\"og:image\" content=\"https:\/\/www.akeneo.com\/wp-content\/uploads\/2022\/05\/AdobeStock_435058821_1024.jpg\" \/>\n\t<meta property=\"og:image:width\" content=\"1\" \/>\n\t<meta property=\"og:image:height\" content=\"1\" \/>\n\t<meta property=\"og:image:type\" content=\"image\/jpeg\" \/>\n<meta name=\"author\" content=\"akeneo2024\" \/>\n<meta name=\"twitter:card\" content=\"summary_large_image\" \/>\n<meta name=\"twitter:label1\" content=\"\u00c9crit par\" \/>\n\t<meta name=\"twitter:data1\" content=\"akeneo2024\" \/>\n\t<meta name=\"twitter:label2\" content=\"Dur\u00e9e de lecture estim\u00e9e\" \/>\n\t<meta name=\"twitter:data2\" content=\"2 minutes\" \/>\n<script type=\"application\/ld+json\" class=\"yoast-schema-graph\">{\"@context\":\"https:\\\/\\\/schema.org\",\"@graph\":[{\"@type\":\"Article\",\"@id\":\"https:\\\/\\\/www.akeneo.com\\\/fr\\\/blog\\\/annonce-akeneo-iso-27001-certification\\\/#article\",\"isPartOf\":{\"@id\":\"https:\\\/\\\/www.akeneo.com\\\/fr\\\/blog\\\/annonce-akeneo-iso-27001-certification\\\/\"},\"author\":{\"name\":\"akeneo2024\",\"@id\":\"https:\\\/\\\/www.akeneo.com\\\/fr\\\/#\\\/schema\\\/person\\\/29183442bc633c056ca77b63566a7117\"},\"headline\":\"Annonce de la certification ISO 27001 d\u2019Akeneo\",\"datePublished\":\"2022-05-10T16:06:56+00:00\",\"dateModified\":\"2025-07-31T10:55:50+00:00\",\"mainEntityOfPage\":{\"@id\":\"https:\\\/\\\/www.akeneo.com\\\/fr\\\/blog\\\/annonce-akeneo-iso-27001-certification\\\/\"},\"wordCount\":489,\"commentCount\":0,\"publisher\":{\"@id\":\"https:\\\/\\\/www.akeneo.com\\\/fr\\\/#organization\"},\"image\":{\"@id\":\"https:\\\/\\\/www.akeneo.com\\\/fr\\\/blog\\\/annonce-akeneo-iso-27001-certification\\\/#primaryimage\"},\"thumbnailUrl\":\"https:\\\/\\\/www.akeneo.com\\\/wp-content\\\/uploads\\\/2022\\\/05\\\/AdobeStock_435058821_1024.jpg\",\"keywords\":[\"ISO27001\"],\"articleSection\":[\"Akeneo News\"],\"inLanguage\":\"fr-FR\",\"potentialAction\":[{\"@type\":\"CommentAction\",\"name\":\"Comment\",\"target\":[\"https:\\\/\\\/www.akeneo.com\\\/fr\\\/blog\\\/annonce-akeneo-iso-27001-certification\\\/#respond\"]}]},{\"@type\":\"WebPage\",\"@id\":\"https:\\\/\\\/www.akeneo.com\\\/fr\\\/blog\\\/annonce-akeneo-iso-27001-certification\\\/\",\"url\":\"https:\\\/\\\/www.akeneo.com\\\/fr\\\/blog\\\/annonce-akeneo-iso-27001-certification\\\/\",\"name\":\"Annonce de la certification ISO 27001 d\u2019Akeneo | Page 5 of 18 | Akeneo\",\"isPartOf\":{\"@id\":\"https:\\\/\\\/www.akeneo.com\\\/fr\\\/#website\"},\"primaryImageOfPage\":{\"@id\":\"https:\\\/\\\/www.akeneo.com\\\/fr\\\/blog\\\/annonce-akeneo-iso-27001-certification\\\/#primaryimage\"},\"image\":{\"@id\":\"https:\\\/\\\/www.akeneo.com\\\/fr\\\/blog\\\/annonce-akeneo-iso-27001-certification\\\/#primaryimage\"},\"thumbnailUrl\":\"https:\\\/\\\/www.akeneo.com\\\/wp-content\\\/uploads\\\/2022\\\/05\\\/AdobeStock_435058821_1024.jpg\",\"datePublished\":\"2022-05-10T16:06:56+00:00\",\"dateModified\":\"2025-07-31T10:55:50+00:00\",\"description\":\"Akeneo certifi\u00e9 ISO 27001 afin de prot\u00e9ger la confidentialit\u00e9, l\\\\'int\u00e9grit\u00e9 et la disponibilit\u00e9 des informations.\",\"inLanguage\":\"fr-FR\",\"potentialAction\":[{\"@type\":\"ReadAction\",\"target\":[\"https:\\\/\\\/www.akeneo.com\\\/fr\\\/blog\\\/annonce-akeneo-iso-27001-certification\\\/\"]}]},{\"@type\":\"ImageObject\",\"inLanguage\":\"fr-FR\",\"@id\":\"https:\\\/\\\/www.akeneo.com\\\/fr\\\/blog\\\/annonce-akeneo-iso-27001-certification\\\/#primaryimage\",\"url\":\"https:\\\/\\\/www.akeneo.com\\\/wp-content\\\/uploads\\\/2022\\\/05\\\/AdobeStock_435058821_1024.jpg\",\"contentUrl\":\"https:\\\/\\\/www.akeneo.com\\\/wp-content\\\/uploads\\\/2022\\\/05\\\/AdobeStock_435058821_1024.jpg\"},{\"@type\":\"WebSite\",\"@id\":\"https:\\\/\\\/www.akeneo.com\\\/fr\\\/#website\",\"url\":\"https:\\\/\\\/www.akeneo.com\\\/fr\\\/\",\"name\":\"Akeneo\",\"description\":\"\",\"publisher\":{\"@id\":\"https:\\\/\\\/www.akeneo.com\\\/fr\\\/#organization\"},\"potentialAction\":[{\"@type\":\"SearchAction\",\"target\":{\"@type\":\"EntryPoint\",\"urlTemplate\":\"https:\\\/\\\/www.akeneo.com\\\/fr\\\/?s={search_term_string}\"},\"query-input\":{\"@type\":\"PropertyValueSpecification\",\"valueRequired\":true,\"valueName\":\"search_term_string\"}}],\"inLanguage\":\"fr-FR\"},{\"@type\":\"Organization\",\"@id\":\"https:\\\/\\\/www.akeneo.com\\\/fr\\\/#organization\",\"name\":\"Akeneo\",\"url\":\"https:\\\/\\\/www.akeneo.com\\\/fr\\\/\",\"logo\":{\"@type\":\"ImageObject\",\"inLanguage\":\"fr-FR\",\"@id\":\"https:\\\/\\\/www.akeneo.com\\\/fr\\\/#\\\/schema\\\/logo\\\/image\\\/\",\"url\":\"https:\\\/\\\/www.akeneo.com\\\/wp-content\\\/uploads\\\/2019\\\/08\\\/logo-kjus.png\",\"contentUrl\":\"https:\\\/\\\/www.akeneo.com\\\/wp-content\\\/uploads\\\/2019\\\/08\\\/logo-kjus.png\",\"width\":1,\"height\":1,\"caption\":\"Akeneo\"},\"image\":{\"@id\":\"https:\\\/\\\/www.akeneo.com\\\/fr\\\/#\\\/schema\\\/logo\\\/image\\\/\"}},{\"@type\":\"Person\",\"@id\":\"https:\\\/\\\/www.akeneo.com\\\/fr\\\/#\\\/schema\\\/person\\\/29183442bc633c056ca77b63566a7117\",\"name\":\"akeneo2024\",\"image\":{\"@type\":\"ImageObject\",\"inLanguage\":\"fr-FR\",\"@id\":\"https:\\\/\\\/secure.gravatar.com\\\/avatar\\\/5539ed62a0ffd41eeeb53103ee746c9f6b114c8d442eb63c39bcfe455a6e18ee?s=96&d=mm&r=g\",\"url\":\"https:\\\/\\\/secure.gravatar.com\\\/avatar\\\/5539ed62a0ffd41eeeb53103ee746c9f6b114c8d442eb63c39bcfe455a6e18ee?s=96&d=mm&r=g\",\"contentUrl\":\"https:\\\/\\\/secure.gravatar.com\\\/avatar\\\/5539ed62a0ffd41eeeb53103ee746c9f6b114c8d442eb63c39bcfe455a6e18ee?s=96&d=mm&r=g\",\"caption\":\"akeneo2024\"},\"sameAs\":[\"https:\\\/\\\/www.akeneo.com\"]}]}<\/script>\n<!-- \/ Yoast SEO Premium plugin. -->","yoast_head_json":{"title":"Annonce de la certification ISO 27001 d\u2019Akeneo | Page 5 of 18 | Akeneo","description":"Akeneo certifi\u00e9 ISO 27001 afin de prot\u00e9ger la confidentialit\u00e9, l'int\u00e9grit\u00e9 et la disponibilit\u00e9 des informations.","robots":{"index":"index","follow":"follow","max-snippet":"max-snippet:-1","max-image-preview":"max-image-preview:large","max-video-preview":"max-video-preview:-1"},"canonical":"https:\/\/www.akeneo.com\/fr\/blog\/annonce-akeneo-iso-27001-certification\/","og_locale":"fr_FR","og_type":"article","og_title":"Annonce de la certification ISO 27001 d\u2019Akeneo | Page 5 of 18 | Akeneo","og_description":"Akeneo certifi\u00e9 ISO 27001 afin de prot\u00e9ger la confidentialit\u00e9, l'int\u00e9grit\u00e9 et la disponibilit\u00e9 des informations.","og_url":"https:\/\/www.akeneo.com\/fr\/blog\/annonce-akeneo-iso-27001-certification\/","og_site_name":"Akeneo","article_published_time":"2022-05-10T16:06:56+00:00","article_modified_time":"2025-07-31T10:55:50+00:00","og_image":[{"url":"https:\/\/www.akeneo.com\/wp-content\/uploads\/2022\/05\/AdobeStock_435058821_1024.jpg","width":1,"height":1,"type":"image\/jpeg"}],"author":"akeneo2024","twitter_card":"summary_large_image","twitter_misc":{"\u00c9crit par":"akeneo2024","Dur\u00e9e de lecture estim\u00e9e":"2 minutes"},"schema":{"@context":"https:\/\/schema.org","@graph":[{"@type":"Article","@id":"https:\/\/www.akeneo.com\/fr\/blog\/annonce-akeneo-iso-27001-certification\/#article","isPartOf":{"@id":"https:\/\/www.akeneo.com\/fr\/blog\/annonce-akeneo-iso-27001-certification\/"},"author":{"name":"akeneo2024","@id":"https:\/\/www.akeneo.com\/fr\/#\/schema\/person\/29183442bc633c056ca77b63566a7117"},"headline":"Annonce de la certification ISO 27001 d\u2019Akeneo","datePublished":"2022-05-10T16:06:56+00:00","dateModified":"2025-07-31T10:55:50+00:00","mainEntityOfPage":{"@id":"https:\/\/www.akeneo.com\/fr\/blog\/annonce-akeneo-iso-27001-certification\/"},"wordCount":489,"commentCount":0,"publisher":{"@id":"https:\/\/www.akeneo.com\/fr\/#organization"},"image":{"@id":"https:\/\/www.akeneo.com\/fr\/blog\/annonce-akeneo-iso-27001-certification\/#primaryimage"},"thumbnailUrl":"https:\/\/www.akeneo.com\/wp-content\/uploads\/2022\/05\/AdobeStock_435058821_1024.jpg","keywords":["ISO27001"],"articleSection":["Akeneo News"],"inLanguage":"fr-FR","potentialAction":[{"@type":"CommentAction","name":"Comment","target":["https:\/\/www.akeneo.com\/fr\/blog\/annonce-akeneo-iso-27001-certification\/#respond"]}]},{"@type":"WebPage","@id":"https:\/\/www.akeneo.com\/fr\/blog\/annonce-akeneo-iso-27001-certification\/","url":"https:\/\/www.akeneo.com\/fr\/blog\/annonce-akeneo-iso-27001-certification\/","name":"Annonce de la certification ISO 27001 d\u2019Akeneo | Page 5 of 18 | Akeneo","isPartOf":{"@id":"https:\/\/www.akeneo.com\/fr\/#website"},"primaryImageOfPage":{"@id":"https:\/\/www.akeneo.com\/fr\/blog\/annonce-akeneo-iso-27001-certification\/#primaryimage"},"image":{"@id":"https:\/\/www.akeneo.com\/fr\/blog\/annonce-akeneo-iso-27001-certification\/#primaryimage"},"thumbnailUrl":"https:\/\/www.akeneo.com\/wp-content\/uploads\/2022\/05\/AdobeStock_435058821_1024.jpg","datePublished":"2022-05-10T16:06:56+00:00","dateModified":"2025-07-31T10:55:50+00:00","description":"Akeneo certifi\u00e9 ISO 27001 afin de prot\u00e9ger la confidentialit\u00e9, l\\'int\u00e9grit\u00e9 et la disponibilit\u00e9 des informations.","inLanguage":"fr-FR","potentialAction":[{"@type":"ReadAction","target":["https:\/\/www.akeneo.com\/fr\/blog\/annonce-akeneo-iso-27001-certification\/"]}]},{"@type":"ImageObject","inLanguage":"fr-FR","@id":"https:\/\/www.akeneo.com\/fr\/blog\/annonce-akeneo-iso-27001-certification\/#primaryimage","url":"https:\/\/www.akeneo.com\/wp-content\/uploads\/2022\/05\/AdobeStock_435058821_1024.jpg","contentUrl":"https:\/\/www.akeneo.com\/wp-content\/uploads\/2022\/05\/AdobeStock_435058821_1024.jpg"},{"@type":"WebSite","@id":"https:\/\/www.akeneo.com\/fr\/#website","url":"https:\/\/www.akeneo.com\/fr\/","name":"Akeneo","description":"","publisher":{"@id":"https:\/\/www.akeneo.com\/fr\/#organization"},"potentialAction":[{"@type":"SearchAction","target":{"@type":"EntryPoint","urlTemplate":"https:\/\/www.akeneo.com\/fr\/?s={search_term_string}"},"query-input":{"@type":"PropertyValueSpecification","valueRequired":true,"valueName":"search_term_string"}}],"inLanguage":"fr-FR"},{"@type":"Organization","@id":"https:\/\/www.akeneo.com\/fr\/#organization","name":"Akeneo","url":"https:\/\/www.akeneo.com\/fr\/","logo":{"@type":"ImageObject","inLanguage":"fr-FR","@id":"https:\/\/www.akeneo.com\/fr\/#\/schema\/logo\/image\/","url":"https:\/\/www.akeneo.com\/wp-content\/uploads\/2019\/08\/logo-kjus.png","contentUrl":"https:\/\/www.akeneo.com\/wp-content\/uploads\/2019\/08\/logo-kjus.png","width":1,"height":1,"caption":"Akeneo"},"image":{"@id":"https:\/\/www.akeneo.com\/fr\/#\/schema\/logo\/image\/"}},{"@type":"Person","@id":"https:\/\/www.akeneo.com\/fr\/#\/schema\/person\/29183442bc633c056ca77b63566a7117","name":"akeneo2024","image":{"@type":"ImageObject","inLanguage":"fr-FR","@id":"https:\/\/secure.gravatar.com\/avatar\/5539ed62a0ffd41eeeb53103ee746c9f6b114c8d442eb63c39bcfe455a6e18ee?s=96&d=mm&r=g","url":"https:\/\/secure.gravatar.com\/avatar\/5539ed62a0ffd41eeeb53103ee746c9f6b114c8d442eb63c39bcfe455a6e18ee?s=96&d=mm&r=g","contentUrl":"https:\/\/secure.gravatar.com\/avatar\/5539ed62a0ffd41eeeb53103ee746c9f6b114c8d442eb63c39bcfe455a6e18ee?s=96&d=mm&r=g","caption":"akeneo2024"},"sameAs":["https:\/\/www.akeneo.com"]}]}},"_links":{"self":[{"href":"https:\/\/www.akeneo.com\/fr\/wp-json\/wp\/v2\/posts\/47091","targetHints":{"allow":["GET"]}}],"collection":[{"href":"https:\/\/www.akeneo.com\/fr\/wp-json\/wp\/v2\/posts"}],"about":[{"href":"https:\/\/www.akeneo.com\/fr\/wp-json\/wp\/v2\/types\/post"}],"author":[{"embeddable":true,"href":"https:\/\/www.akeneo.com\/fr\/wp-json\/wp\/v2\/users\/1"}],"replies":[{"embeddable":true,"href":"https:\/\/www.akeneo.com\/fr\/wp-json\/wp\/v2\/comments?post=47091"}],"version-history":[{"count":0,"href":"https:\/\/www.akeneo.com\/fr\/wp-json\/wp\/v2\/posts\/47091\/revisions"}],"wp:featuredmedia":[{"embeddable":true,"href":"https:\/\/www.akeneo.com\/fr\/wp-json\/wp\/v2\/media\/26926"}],"wp:attachment":[{"href":"https:\/\/www.akeneo.com\/fr\/wp-json\/wp\/v2\/media?parent=47091"}],"wp:term":[{"taxonomy":"category","embeddable":true,"href":"https:\/\/www.akeneo.com\/fr\/wp-json\/wp\/v2\/categories?post=47091"},{"taxonomy":"post_tag","embeddable":true,"href":"https:\/\/www.akeneo.com\/fr\/wp-json\/wp\/v2\/tags?post=47091"}],"curies":[{"name":"wp","href":"https:\/\/api.w.org\/{rel}","templated":true}]}}