{"id":47565,"date":"2021-11-02T10:36:25","date_gmt":"2021-11-02T10:36:25","guid":{"rendered":"https:\/\/www.akeneo.com\/blog\/mit-akeneo-am-virtuellen-tresen-exbeerience-podcast-geht-in-die-verlaengerung\/"},"modified":"2024-07-04T06:56:20","modified_gmt":"2024-07-04T06:56:20","slug":"mit-akeneo-am-virtuellen-tresen-exbeerience-podcast-geht-in-die-verlaengerung","status":"publish","type":"post","link":"https:\/\/www.akeneo.com\/de\/blog\/mit-akeneo-am-virtuellen-tresen-exbeerience-podcast-geht-in-die-verlaengerung\/","title":{"rendered":"Mit Akeneo am virtuellen Tresen: Exbeerience-Podcast geht in die Verl\u00e4ngerung"},"content":{"rendered":"       \n  \n<section id=\"hero-block_eaf15867d9662f319433099ca7029e55\" class=\"hero  py-0\">\n            <div class=\"container\">\n            <div class=\"row\">\n                <div class=\"col-12\">\n                    <div class=\"hero-inner hero-inner-blue\">\n                        <div class=\"row align-items-center g-3\">\n                            <div class=\"col-lg-6\">\n                                <div class=\"hero-content\">\n                                                                            <div class=\"hero-tags\">\n                                            <span class=\"tag tag-white\">Product Experience<\/span>\n                                        <\/div>\n                                                                        <h1 class=\"hero-title\">Mit Akeneo am virtuellen Tresen: Exbeerience-Podcast geht in die Verl\u00e4ngerung<\/h1>\n                                    <div class=\"hero-text\">\n\n                                        <p>Warum ist Dosenbier gut f\u00fcr die Umwelt? Kann man Zitronen sch\u00fctteln? Und wie viele T\u00fcrgriffe fassen wir im Laufe unseres Lebens an? In bislang 15 E&#8230;<\/p>\n                                    <\/div>\n                                <\/div>\n                            <\/div>\n                                                            <div class=\"col-lg-6\">\n                                    <div class=\"hero-image\">\n                                        <img decoding=\"async\" src=\"https:\/\/www.akeneo.com\/wp-content\/uploads\/2022\/01\/Podcast-logo.png\" class=\"attachment-full size-full wp-post-image\" alt=\"\" \/>                                    <\/div>\n                                                                <\/div>\n                        <\/div>\n                    <\/div>\n                <\/div>\n            <\/div>\n        <\/div>\n    <\/section>\n  \n        \r\n\r\n\r\n<p><strong>Warum ist Dosenbier gut f\u00fcr die Umwelt? Kann man Zitronen sch\u00fctteln? Und wie viele T\u00fcrgriffe fassen wir im Laufe unseres Lebens an? In bislang 15 Episoden hat sich unser Podcast \u201eExbeerience\u201c selten mit bierernsten Themen besch\u00e4ftigt. Der Erfolg gibt ihm Recht: Nach einer Pause geht es weiter \u2013 mindestens genauso abwechslungsreich wie bisher. Ein kleiner R\u00fcckblick.<\/strong><\/p>\r\n\r\n\r\n\r\n<p>&nbsp;<\/p>\r\n<div class=\"mb-2\"><div class=\"press-copy\">Corona hat uns das Feierabendbier genommen. Die lockeren, zwischenmenschlichen Gespr\u00e4che jenseits der festen Meetings und Calls. Small Talk an Kaffeemaschinen, gemeinsame Kaltgetr\u00e4nke nach Konferenzen und Messen. Das wollten wir so nicht hinnehmen \u2013 und haben Anfang 2021 den Akeneo-Podcast \u201eExbeerience\u201c ins Leben gerufen.\r\n\r\n\r\n\r\nAuf der G\u00e4steliste: Kunden, Partner und Akeneisten aus der Community. Neben Themen rund um Digitalisierung, E-Commerce, Product Experience, Transformation und Arbeitskultur wird vor allen Dingen aus dem ber\u00fchmten N\u00e4hk\u00e4stchen geplaudert. Was bewegt unsere G\u00e4ste? Vor welchen Herausforderungen stehen ihre Unternehmen? Und f\u00fcr was schl\u00e4gt privat ihr Herz?\r\n\r\n\r\n<h2 class=\"wp-block-heading\">Nahbare Gespr\u00e4che und spannende Insights<\/h2>\r\n\r\n\r\nObwohl unsere Gespr\u00e4chspartner nur remote dazugeschaltet sind, entwickeln sich offene, nahbare Gespr\u00e4che, die man eher vom Tresen als aus dem beruflichen Kontext kennt. Zuh\u00f6rerinnen und Zuh\u00f6rer bekommen spannende Einblicke hinter die Kulissen von Unternehmen, die ihnen sonst verwehrt bleiben. Und ganz ehrlich: Wer m\u00f6chte nicht gerne mal M\u00e4uschen spielen und wissen, wie Adobe oder Tradebyte im Inneren ticken?\r\n\r\n\r\n\r\nF\u00fcr die passende Feierabendbier-Stimmung sorgt Gastgeber Tobias Schlotter. Als General Manager Central &amp; Eastern Europe bei Akeneo kennt Tobias die G\u00e4ste teilweise schon seit vielen Jahren und hat mit ihnen erfolgreich zusammengearbeitet. Dieses Vertrauensverh\u00e4ltnis merkt man den Gespr\u00e4chen an. Da wird es schon fast nostalgisch, wenn Tobias mit Frederic Gaus von Flagbit auf f\u00fcnf gemeinsame Jahre zur\u00fcckblickt und sich Steven Bailey von AOE erinnert, einer der ersten Partner von Akeneo gewesen zu sein. Lang, lang ist\u2019s her \u2026\r\n\r\n\r\n<h2 class=\"wp-block-heading\">Digitalisierungsdruck in Zeiten von Corona<\/h2>\r\n\r\n\r\nAls einer der Marktf\u00fchrer im Bereich Product Experience Management (PXM) und Product Information Management (PIM) werden diese Themen nat\u00fcrlich immer wieder gestreift. In den Mittelpunkt r\u00fccken aber vielmehr zwei Fragen: Wie gehen wir als Unternehmen ganz konkret mit dem Digitalisierungsdruck um? Und welchen Einfluss hat die Corona-Pandemie aufs Gesch\u00e4ft?\r\n\r\n\r\n\r\nInsbesondere bei traditionellen Unternehmen mit \u201eanalogen\u201c Produkten sorgen diese Fragen f\u00fcr spannenden Gespr\u00e4chsstoff. Ramin Movahed von Wein Wolf, Europas f\u00fchrendem Weinh\u00e4ndler, erz\u00e4hlt beispielsweise, dass sein B2B-Gesch\u00e4ft stark von der Experience lebt: Au\u00dfendienstpartner fahren zu Kunden und verkosten die entsprechenden Weine. In Pandemiezeiten nicht m\u00f6glich. Von jetzt auf gleich steht ein Unternehmen vor der Herausforderung, dieses Live-Erlebnis zu digitalisieren.\r\n\r\n\r\n\r\nAuch Schwalbe, ein fast 100-j\u00e4hriges Traditionsunternehmen, das Fahrradreifen und -schl\u00e4uche herstellt, kann ein Lied davon singen. Mit Corona trat die Fahrradbegeisterung der Deutschen pl\u00f6tzlich auf den Plan. Und damit die Notwenigkeit, f\u00fcr diese gro\u00dfe Nachfrage online ger\u00fcstet zu sein. Johannes Binner von Schwalbe erz\u00e4hlt in der vorerst letzten Episode des Podcasts von seinen Erfahrungen und wieso der Website-Relaunch ihm schlaflose N\u00e4chste beschert hat.\r\n\r\n\r\n<h2 class=\"wp-block-heading\">Fachlich relevant und unterhaltsam<\/h2>\r\n\r\n\r\nMit insgesamt 15 G\u00e4sten hat Tobias seit Februar 2021 jeden Donnerstag mit einem Feierabendbier angesto\u00dfen (mit Ramin Movahed von Wein Wolf war es selbstverst\u00e4ndlich ein Feierabendwein) \u2013 und uns alle als stille Zuh\u00f6rerinnen und Zuh\u00f6rer mitgenommen. Nebenbei ging es um Lippizaner-Zucht, Parkpl\u00e4tze als Statussymbole und leidvolle Homeschooling-Erfahrungen in Pandemiezeiten. Kurzweilig, nie langweilig. Fachlich relevant und gleichzeitig unterhaltsam.\r\n\r\n\r\n\r\nNach dem erfolgreichen Auftakt und der wohl verdienten Sommerpause geht es im November mit neuen Episoden und spannenden G\u00e4sten weiter. Die beiden gro\u00dfen Herausforderungen \u2013 Digitalisierung und Corona \u2013 werden uns ganz sicher weiter begleiten und f\u00fcr reichlich Redebedarf sorgen. In diesem Sinne: Cheers und sch\u00f6nen Feierabend!\r\n\r\n\r\n\r\n&nbsp;\r\n\r\n\r\n\r\nHaben Sie Fragen, Anregungen oder m\u00f6chten Sie selbst als Gast im Podcast dabei sein? Dann schicken Sie uns gerne eine E-Mail an: <a href=\"mailto:exbeerience@akeneo.com\">exbeerience@akeneo.com<\/a>.\r\n\r\n\r\n\r\n&nbsp;\r\n\r\n\r\n<h2 class=\"wp-block-heading\">G\u00e4steliste:<\/h2>\r\n\r\n<ul class=\"wp-block-list\">\r\n \t<li>#1: Alexander Otto, Tradebyte<\/li>\r\n \t<li>#2: Ramin Movahed, Wein Wolf<\/li>\r\n \t<li>#3: Steven Bailey, AOE<\/li>\r\n \t<li>#4: Salvatore Accaputo, Tessa<\/li>\r\n \t<li>#5: Fabian Koelliker, Swiss Krono<\/li>\r\n \t<li>#6: Stefan Willkommer, TechDivision<\/li>\r\n \t<li>#7: Immo Prenzel, Adobe<\/li>\r\n \t<li>#8: Dominic Luppa, fashionette<\/li>\r\n \t<li>#9: Frederic Gaus, Flagbit<\/li>\r\n \t<li>#10: Alex Graf, Spryker<\/li>\r\n \t<li>#11: Stephan H\u00e4usleschmid, Reich Online Solutions (Member of Calida Group)<\/li>\r\n \t<li>#12: Alex Sch\u00e4fer, Kneipp<\/li>\r\n \t<li>#13: Markus Lorenz, Divante<\/li>\r\n \t<li>#14: Michael Mang, Griffwerk<\/li>\r\n \t<li>#15: Johannes Binner, Schwalbe<\/li>\r\n<\/ul>\r\n\r\n\r\n&nbsp;\r\n\r\n\r\n<h2 class=\"wp-block-heading\">Alle 15 Episoden kostenlos zum Nachh\u00f6ren finden Sie hier:<\/h2>\r\n\r\n<ul class=\"wp-block-list\">\r\n \t<li><a href=\"https:\/\/open.spotify.com\/show\/7vR3y0Uzxekw8h9rAiotZx?si=MvBu1_fNQuOzMIusNanlPQ&amp;dl_branch=1\">Spotify<\/a><\/li>\r\n \t<li><a href=\"https:\/\/podcasts.apple.com\/de\/podcast\/exbeerience-der-akeneo-community-podcast\/id1552620636\">Apple<\/a><\/li>\r\n \t<li><a href=\"https:\/\/podcasts.google.com\/feed\/aHR0cHM6Ly9hbmNob3IuZm0vcy80MWZiMWFhOC9wb2RjYXN0L3Jzcw\">Google<\/a><\/li>\r\n<\/ul><\/div><\/div>  ","protected":false},"excerpt":{"rendered":"<p>Warum ist Dosenbier gut f\u00fcr die Umwelt? Kann man Zitronen sch\u00fctteln? Und wie viele T\u00fcrgriffe fassen wir im Laufe unseres Lebens an? In bislang 15 E<\/p>\n","protected":false},"author":2,"featured_media":20756,"comment_status":"open","ping_status":"open","sticky":false,"template":"","format":"standard","meta":{"_acf_changed":false,"footnotes":""},"categories":[3],"tags":[],"class_list":["post-47565","post","type-post","status-publish","format-standard","has-post-thumbnail","hentry"],"acf":[],"yoast_head":"<!-- This site is optimized with the Yoast SEO Premium plugin v27.4 (Yoast SEO v27.4) - https:\/\/yoast.com\/product\/yoast-seo-premium-wordpress\/ -->\n<title>Mit Akeneo am virtuellen Tresen: Exbeerience-Podcast geht in die Verl\u00e4ngerung | Akeneo<\/title>\n<meta name=\"robots\" content=\"index, follow, max-snippet:-1, max-image-preview:large, max-video-preview:-1\" \/>\n<link rel=\"canonical\" href=\"https:\/\/www.akeneo.com\/de\/blog\/mit-akeneo-am-virtuellen-tresen-exbeerience-podcast-geht-in-die-verlaengerung\/\" \/>\n<meta property=\"og:locale\" content=\"de_DE\" \/>\n<meta property=\"og:type\" content=\"article\" \/>\n<meta property=\"og:title\" content=\"Mit Akeneo am virtuellen Tresen: Exbeerience-Podcast geht in die Verl\u00e4ngerung | Akeneo\" \/>\n<meta property=\"og:description\" content=\"Warum ist Dosenbier gut f\u00fcr die Umwelt? Kann man Zitronen sch\u00fctteln? Und wie viele T\u00fcrgriffe fassen wir im Laufe unseres Lebens an? In bislang 15 E\" \/>\n<meta property=\"og:url\" content=\"https:\/\/www.akeneo.com\/de\/blog\/mit-akeneo-am-virtuellen-tresen-exbeerience-podcast-geht-in-die-verlaengerung\/\" \/>\n<meta property=\"og:site_name\" content=\"Akeneo\" \/>\n<meta property=\"article:published_time\" content=\"2021-11-02T10:36:25+00:00\" \/>\n<meta property=\"article:modified_time\" content=\"2024-07-04T06:56:20+00:00\" \/>\n<meta property=\"og:image\" content=\"https:\/\/www.akeneo.com\/wp-content\/uploads\/2022\/01\/Podcast-logo.png\" \/>\n\t<meta property=\"og:image:width\" content=\"1\" \/>\n\t<meta property=\"og:image:height\" content=\"1\" \/>\n\t<meta property=\"og:image:type\" content=\"image\/png\" \/>\n<meta name=\"author\" content=\"Convertiv Boston\" \/>\n<meta name=\"twitter:card\" content=\"summary_large_image\" \/>\n<meta name=\"twitter:label1\" content=\"Verfasst von\" \/>\n\t<meta name=\"twitter:data1\" content=\"Convertiv Boston\" \/>\n\t<meta name=\"twitter:label2\" content=\"Gesch\u00e4tzte Lesezeit\" \/>\n\t<meta name=\"twitter:data2\" content=\"1 Minute\" \/>\n<script type=\"application\/ld+json\" class=\"yoast-schema-graph\">{\"@context\":\"https:\\\/\\\/schema.org\",\"@graph\":[{\"@type\":\"Article\",\"@id\":\"https:\\\/\\\/www.akeneo.com\\\/de\\\/blog\\\/mit-akeneo-am-virtuellen-tresen-exbeerience-podcast-geht-in-die-verlaengerung\\\/#article\",\"isPartOf\":{\"@id\":\"https:\\\/\\\/www.akeneo.com\\\/de\\\/blog\\\/mit-akeneo-am-virtuellen-tresen-exbeerience-podcast-geht-in-die-verlaengerung\\\/\"},\"author\":{\"name\":\"Convertiv Boston\",\"@id\":\"https:\\\/\\\/www.akeneo.com\\\/de\\\/#\\\/schema\\\/person\\\/a9502af91ad7f0f0f3c92cd7e8e75b69\"},\"headline\":\"Mit Akeneo am virtuellen Tresen: Exbeerience-Podcast geht in die Verl\u00e4ngerung\",\"datePublished\":\"2021-11-02T10:36:25+00:00\",\"dateModified\":\"2024-07-04T06:56:20+00:00\",\"mainEntityOfPage\":{\"@id\":\"https:\\\/\\\/www.akeneo.com\\\/de\\\/blog\\\/mit-akeneo-am-virtuellen-tresen-exbeerience-podcast-geht-in-die-verlaengerung\\\/\"},\"wordCount\":729,\"commentCount\":0,\"publisher\":{\"@id\":\"https:\\\/\\\/www.akeneo.com\\\/de\\\/#organization\"},\"image\":{\"@id\":\"https:\\\/\\\/www.akeneo.com\\\/de\\\/blog\\\/mit-akeneo-am-virtuellen-tresen-exbeerience-podcast-geht-in-die-verlaengerung\\\/#primaryimage\"},\"thumbnailUrl\":\"https:\\\/\\\/www.akeneo.com\\\/wp-content\\\/uploads\\\/2022\\\/01\\\/Podcast-logo.png\",\"articleSection\":[\"Product Experience\"],\"inLanguage\":\"de-DE\",\"potentialAction\":[{\"@type\":\"CommentAction\",\"name\":\"Comment\",\"target\":[\"https:\\\/\\\/www.akeneo.com\\\/de\\\/blog\\\/mit-akeneo-am-virtuellen-tresen-exbeerience-podcast-geht-in-die-verlaengerung\\\/#respond\"]}]},{\"@type\":\"WebPage\",\"@id\":\"https:\\\/\\\/www.akeneo.com\\\/de\\\/blog\\\/mit-akeneo-am-virtuellen-tresen-exbeerience-podcast-geht-in-die-verlaengerung\\\/\",\"url\":\"https:\\\/\\\/www.akeneo.com\\\/de\\\/blog\\\/mit-akeneo-am-virtuellen-tresen-exbeerience-podcast-geht-in-die-verlaengerung\\\/\",\"name\":\"Mit Akeneo am virtuellen Tresen: Exbeerience-Podcast geht in die Verl\u00e4ngerung | Akeneo\",\"isPartOf\":{\"@id\":\"https:\\\/\\\/www.akeneo.com\\\/de\\\/#website\"},\"primaryImageOfPage\":{\"@id\":\"https:\\\/\\\/www.akeneo.com\\\/de\\\/blog\\\/mit-akeneo-am-virtuellen-tresen-exbeerience-podcast-geht-in-die-verlaengerung\\\/#primaryimage\"},\"image\":{\"@id\":\"https:\\\/\\\/www.akeneo.com\\\/de\\\/blog\\\/mit-akeneo-am-virtuellen-tresen-exbeerience-podcast-geht-in-die-verlaengerung\\\/#primaryimage\"},\"thumbnailUrl\":\"https:\\\/\\\/www.akeneo.com\\\/wp-content\\\/uploads\\\/2022\\\/01\\\/Podcast-logo.png\",\"datePublished\":\"2021-11-02T10:36:25+00:00\",\"dateModified\":\"2024-07-04T06:56:20+00:00\",\"inLanguage\":\"de-DE\",\"potentialAction\":[{\"@type\":\"ReadAction\",\"target\":[\"https:\\\/\\\/www.akeneo.com\\\/de\\\/blog\\\/mit-akeneo-am-virtuellen-tresen-exbeerience-podcast-geht-in-die-verlaengerung\\\/\"]}]},{\"@type\":\"ImageObject\",\"inLanguage\":\"de-DE\",\"@id\":\"https:\\\/\\\/www.akeneo.com\\\/de\\\/blog\\\/mit-akeneo-am-virtuellen-tresen-exbeerience-podcast-geht-in-die-verlaengerung\\\/#primaryimage\",\"url\":\"https:\\\/\\\/www.akeneo.com\\\/wp-content\\\/uploads\\\/2022\\\/01\\\/Podcast-logo.png\",\"contentUrl\":\"https:\\\/\\\/www.akeneo.com\\\/wp-content\\\/uploads\\\/2022\\\/01\\\/Podcast-logo.png\"},{\"@type\":\"WebSite\",\"@id\":\"https:\\\/\\\/www.akeneo.com\\\/de\\\/#website\",\"url\":\"https:\\\/\\\/www.akeneo.com\\\/de\\\/\",\"name\":\"Akeneo\",\"description\":\"\",\"publisher\":{\"@id\":\"https:\\\/\\\/www.akeneo.com\\\/de\\\/#organization\"},\"potentialAction\":[{\"@type\":\"SearchAction\",\"target\":{\"@type\":\"EntryPoint\",\"urlTemplate\":\"https:\\\/\\\/www.akeneo.com\\\/de\\\/?s={search_term_string}\"},\"query-input\":{\"@type\":\"PropertyValueSpecification\",\"valueRequired\":true,\"valueName\":\"search_term_string\"}}],\"inLanguage\":\"de-DE\"},{\"@type\":\"Organization\",\"@id\":\"https:\\\/\\\/www.akeneo.com\\\/de\\\/#organization\",\"name\":\"Akeneo\",\"url\":\"https:\\\/\\\/www.akeneo.com\\\/de\\\/\",\"logo\":{\"@type\":\"ImageObject\",\"inLanguage\":\"de-DE\",\"@id\":\"https:\\\/\\\/www.akeneo.com\\\/de\\\/#\\\/schema\\\/logo\\\/image\\\/\",\"url\":\"https:\\\/\\\/www.akeneo.com\\\/wp-content\\\/uploads\\\/2019\\\/08\\\/logo-kjus.png\",\"contentUrl\":\"https:\\\/\\\/www.akeneo.com\\\/wp-content\\\/uploads\\\/2019\\\/08\\\/logo-kjus.png\",\"width\":1,\"height\":1,\"caption\":\"Akeneo\"},\"image\":{\"@id\":\"https:\\\/\\\/www.akeneo.com\\\/de\\\/#\\\/schema\\\/logo\\\/image\\\/\"}},{\"@type\":\"Person\",\"@id\":\"https:\\\/\\\/www.akeneo.com\\\/de\\\/#\\\/schema\\\/person\\\/a9502af91ad7f0f0f3c92cd7e8e75b69\",\"name\":\"Convertiv Boston\",\"image\":{\"@type\":\"ImageObject\",\"inLanguage\":\"de-DE\",\"@id\":\"https:\\\/\\\/secure.gravatar.com\\\/avatar\\\/0ca3e6b01528ac1a31a8d17b81adaddc27a6bd18ff3a3c76dd9948ffb43e22b1?s=96&d=mm&r=g\",\"url\":\"https:\\\/\\\/secure.gravatar.com\\\/avatar\\\/0ca3e6b01528ac1a31a8d17b81adaddc27a6bd18ff3a3c76dd9948ffb43e22b1?s=96&d=mm&r=g\",\"contentUrl\":\"https:\\\/\\\/secure.gravatar.com\\\/avatar\\\/0ca3e6b01528ac1a31a8d17b81adaddc27a6bd18ff3a3c76dd9948ffb43e22b1?s=96&d=mm&r=g\",\"caption\":\"Convertiv Boston\"}}]}<\/script>\n<!-- \/ Yoast SEO Premium plugin. -->","yoast_head_json":{"title":"Mit Akeneo am virtuellen Tresen: Exbeerience-Podcast geht in die Verl\u00e4ngerung | Akeneo","robots":{"index":"index","follow":"follow","max-snippet":"max-snippet:-1","max-image-preview":"max-image-preview:large","max-video-preview":"max-video-preview:-1"},"canonical":"https:\/\/www.akeneo.com\/de\/blog\/mit-akeneo-am-virtuellen-tresen-exbeerience-podcast-geht-in-die-verlaengerung\/","og_locale":"de_DE","og_type":"article","og_title":"Mit Akeneo am virtuellen Tresen: Exbeerience-Podcast geht in die Verl\u00e4ngerung | Akeneo","og_description":"Warum ist Dosenbier gut f\u00fcr die Umwelt? Kann man Zitronen sch\u00fctteln? Und wie viele T\u00fcrgriffe fassen wir im Laufe unseres Lebens an? In bislang 15 E","og_url":"https:\/\/www.akeneo.com\/de\/blog\/mit-akeneo-am-virtuellen-tresen-exbeerience-podcast-geht-in-die-verlaengerung\/","og_site_name":"Akeneo","article_published_time":"2021-11-02T10:36:25+00:00","article_modified_time":"2024-07-04T06:56:20+00:00","og_image":[{"url":"https:\/\/www.akeneo.com\/wp-content\/uploads\/2022\/01\/Podcast-logo.png","width":1,"height":1,"type":"image\/png"}],"author":"Convertiv Boston","twitter_card":"summary_large_image","twitter_misc":{"Verfasst von":"Convertiv Boston","Gesch\u00e4tzte Lesezeit":"1 Minute"},"schema":{"@context":"https:\/\/schema.org","@graph":[{"@type":"Article","@id":"https:\/\/www.akeneo.com\/de\/blog\/mit-akeneo-am-virtuellen-tresen-exbeerience-podcast-geht-in-die-verlaengerung\/#article","isPartOf":{"@id":"https:\/\/www.akeneo.com\/de\/blog\/mit-akeneo-am-virtuellen-tresen-exbeerience-podcast-geht-in-die-verlaengerung\/"},"author":{"name":"Convertiv Boston","@id":"https:\/\/www.akeneo.com\/de\/#\/schema\/person\/a9502af91ad7f0f0f3c92cd7e8e75b69"},"headline":"Mit Akeneo am virtuellen Tresen: Exbeerience-Podcast geht in die Verl\u00e4ngerung","datePublished":"2021-11-02T10:36:25+00:00","dateModified":"2024-07-04T06:56:20+00:00","mainEntityOfPage":{"@id":"https:\/\/www.akeneo.com\/de\/blog\/mit-akeneo-am-virtuellen-tresen-exbeerience-podcast-geht-in-die-verlaengerung\/"},"wordCount":729,"commentCount":0,"publisher":{"@id":"https:\/\/www.akeneo.com\/de\/#organization"},"image":{"@id":"https:\/\/www.akeneo.com\/de\/blog\/mit-akeneo-am-virtuellen-tresen-exbeerience-podcast-geht-in-die-verlaengerung\/#primaryimage"},"thumbnailUrl":"https:\/\/www.akeneo.com\/wp-content\/uploads\/2022\/01\/Podcast-logo.png","articleSection":["Product Experience"],"inLanguage":"de-DE","potentialAction":[{"@type":"CommentAction","name":"Comment","target":["https:\/\/www.akeneo.com\/de\/blog\/mit-akeneo-am-virtuellen-tresen-exbeerience-podcast-geht-in-die-verlaengerung\/#respond"]}]},{"@type":"WebPage","@id":"https:\/\/www.akeneo.com\/de\/blog\/mit-akeneo-am-virtuellen-tresen-exbeerience-podcast-geht-in-die-verlaengerung\/","url":"https:\/\/www.akeneo.com\/de\/blog\/mit-akeneo-am-virtuellen-tresen-exbeerience-podcast-geht-in-die-verlaengerung\/","name":"Mit Akeneo am virtuellen Tresen: Exbeerience-Podcast geht in die Verl\u00e4ngerung | Akeneo","isPartOf":{"@id":"https:\/\/www.akeneo.com\/de\/#website"},"primaryImageOfPage":{"@id":"https:\/\/www.akeneo.com\/de\/blog\/mit-akeneo-am-virtuellen-tresen-exbeerience-podcast-geht-in-die-verlaengerung\/#primaryimage"},"image":{"@id":"https:\/\/www.akeneo.com\/de\/blog\/mit-akeneo-am-virtuellen-tresen-exbeerience-podcast-geht-in-die-verlaengerung\/#primaryimage"},"thumbnailUrl":"https:\/\/www.akeneo.com\/wp-content\/uploads\/2022\/01\/Podcast-logo.png","datePublished":"2021-11-02T10:36:25+00:00","dateModified":"2024-07-04T06:56:20+00:00","inLanguage":"de-DE","potentialAction":[{"@type":"ReadAction","target":["https:\/\/www.akeneo.com\/de\/blog\/mit-akeneo-am-virtuellen-tresen-exbeerience-podcast-geht-in-die-verlaengerung\/"]}]},{"@type":"ImageObject","inLanguage":"de-DE","@id":"https:\/\/www.akeneo.com\/de\/blog\/mit-akeneo-am-virtuellen-tresen-exbeerience-podcast-geht-in-die-verlaengerung\/#primaryimage","url":"https:\/\/www.akeneo.com\/wp-content\/uploads\/2022\/01\/Podcast-logo.png","contentUrl":"https:\/\/www.akeneo.com\/wp-content\/uploads\/2022\/01\/Podcast-logo.png"},{"@type":"WebSite","@id":"https:\/\/www.akeneo.com\/de\/#website","url":"https:\/\/www.akeneo.com\/de\/","name":"Akeneo","description":"","publisher":{"@id":"https:\/\/www.akeneo.com\/de\/#organization"},"potentialAction":[{"@type":"SearchAction","target":{"@type":"EntryPoint","urlTemplate":"https:\/\/www.akeneo.com\/de\/?s={search_term_string}"},"query-input":{"@type":"PropertyValueSpecification","valueRequired":true,"valueName":"search_term_string"}}],"inLanguage":"de-DE"},{"@type":"Organization","@id":"https:\/\/www.akeneo.com\/de\/#organization","name":"Akeneo","url":"https:\/\/www.akeneo.com\/de\/","logo":{"@type":"ImageObject","inLanguage":"de-DE","@id":"https:\/\/www.akeneo.com\/de\/#\/schema\/logo\/image\/","url":"https:\/\/www.akeneo.com\/wp-content\/uploads\/2019\/08\/logo-kjus.png","contentUrl":"https:\/\/www.akeneo.com\/wp-content\/uploads\/2019\/08\/logo-kjus.png","width":1,"height":1,"caption":"Akeneo"},"image":{"@id":"https:\/\/www.akeneo.com\/de\/#\/schema\/logo\/image\/"}},{"@type":"Person","@id":"https:\/\/www.akeneo.com\/de\/#\/schema\/person\/a9502af91ad7f0f0f3c92cd7e8e75b69","name":"Convertiv Boston","image":{"@type":"ImageObject","inLanguage":"de-DE","@id":"https:\/\/secure.gravatar.com\/avatar\/0ca3e6b01528ac1a31a8d17b81adaddc27a6bd18ff3a3c76dd9948ffb43e22b1?s=96&d=mm&r=g","url":"https:\/\/secure.gravatar.com\/avatar\/0ca3e6b01528ac1a31a8d17b81adaddc27a6bd18ff3a3c76dd9948ffb43e22b1?s=96&d=mm&r=g","contentUrl":"https:\/\/secure.gravatar.com\/avatar\/0ca3e6b01528ac1a31a8d17b81adaddc27a6bd18ff3a3c76dd9948ffb43e22b1?s=96&d=mm&r=g","caption":"Convertiv Boston"}}]}},"_links":{"self":[{"href":"https:\/\/www.akeneo.com\/de\/wp-json\/wp\/v2\/posts\/47565","targetHints":{"allow":["GET"]}}],"collection":[{"href":"https:\/\/www.akeneo.com\/de\/wp-json\/wp\/v2\/posts"}],"about":[{"href":"https:\/\/www.akeneo.com\/de\/wp-json\/wp\/v2\/types\/post"}],"author":[{"embeddable":true,"href":"https:\/\/www.akeneo.com\/de\/wp-json\/wp\/v2\/users\/2"}],"replies":[{"embeddable":true,"href":"https:\/\/www.akeneo.com\/de\/wp-json\/wp\/v2\/comments?post=47565"}],"version-history":[{"count":0,"href":"https:\/\/www.akeneo.com\/de\/wp-json\/wp\/v2\/posts\/47565\/revisions"}],"wp:featuredmedia":[{"embeddable":true,"href":"https:\/\/www.akeneo.com\/de\/wp-json\/wp\/v2\/media\/20756"}],"wp:attachment":[{"href":"https:\/\/www.akeneo.com\/de\/wp-json\/wp\/v2\/media?parent=47565"}],"wp:term":[{"taxonomy":"category","embeddable":true,"href":"https:\/\/www.akeneo.com\/de\/wp-json\/wp\/v2\/categories?post=47565"},{"taxonomy":"post_tag","embeddable":true,"href":"https:\/\/www.akeneo.com\/de\/wp-json\/wp\/v2\/tags?post=47565"}],"curies":[{"name":"wp","href":"https:\/\/api.w.org\/{rel}","templated":true}]}}